{"id":1851,"date":"2025-01-03T15:35:00","date_gmt":"2025-01-03T14:35:00","guid":{"rendered":"https:\/\/alternea.eu\/feliz-ano-nuevo-y-mejores-deseos-2025\/"},"modified":"2025-11-17T15:34:29","modified_gmt":"2025-11-17T14:34:29","slug":"feliz-ano-nuevo-y-mejores-deseos-2025","status":"publish","type":"post","link":"https:\/\/alternea.eu\/es\/feliz-ano-nuevo-y-mejores-deseos-2025\/","title":{"rendered":"Feliz A\u00f1o Nuevo y Mejores Deseos 2025"},"content":{"rendered":"\n<p>Feliz A\u00f1o Nuevo y Mejores Deseos 2025: \u00a1Trabajar juntos para afrontar los retos del ma\u00f1ana con ALTERNEA y ALTERNEA FARMS!<\/p>\n\n<p>Al comienzo de 2025, todos los equipos de ALTERNEA y ALTERNEA FARMS te env\u00edan sus mejores deseos.<\/p>\n\n<p>Gracias por tu confianza, tu lealtad y tu compromiso con nosotros, que nos permiten seguir innovando y proseguir nuestro enfoque hacia una agricultura cada vez m\u00e1s sostenible y respetuosa.<\/p>\n\n<p>\u00a1Sembremos juntos para la agricultura del ma\u00f1ana! Juntos, estamos haciendo crecer proyectos que respetan la tierra, las personas y las generaciones futuras. En 2025, sigamos cultivando la innovaci\u00f3n y el desarrollo de una agricultura responsable.  <\/p>\n\n<p>\u00a1\u00danete a nosotros en esta gran aventura para construir un futuro sostenible y mejor!<\/p>\n","protected":false},"excerpt":{"rendered":"<p>Feliz A\u00f1o Nuevo y Mejores Deseos 2025: \u00a1Trabajar juntos para afrontar los retos del ma\u00f1ana con ALTERNEA y ALTERNEA FARMS!<\/p>\n","protected":false},"author":2,"featured_media":1846,"comment_status":"closed","ping_status":"closed","sticky":false,"template":"","format":"standard","meta":{"footnotes":""},"categories":[26],"tags":[],"yoast_head":"<!-- This site is optimized with the Yoast SEO plugin v22.8 - https:\/\/yoast.com\/wordpress\/plugins\/seo\/ -->\n<title>Feliz A\u00f1o Nuevo y Mejores Deseos 2025 - Alternea<\/title>\n<meta name=\"description\" content=\"Feliz A\u00f1o Nuevo y Mejores Deseos 2025: \u00a1Trabajar juntos para afrontar los retos del ma\u00f1ana con ALTERNEA y ALTERNEA FARMS!\" \/>\n<meta name=\"robots\" content=\"index, follow, max-snippet:-1, max-image-preview:large, max-video-preview:-1\" \/>\n<link rel=\"canonical\" href=\"https:\/\/alternea.eu\/es\/feliz-ano-nuevo-y-mejores-deseos-2025\/\" \/>\n<meta property=\"og:locale\" content=\"es_ES\" \/>\n<meta property=\"og:type\" content=\"article\" \/>\n<meta property=\"og:title\" content=\"Feliz A\u00f1o Nuevo y Mejores Deseos 2025 - Alternea\" \/>\n<meta property=\"og:description\" content=\"Feliz A\u00f1o Nuevo y Mejores Deseos 2025: \u00a1Trabajar juntos para afrontar los retos del ma\u00f1ana con ALTERNEA y ALTERNEA FARMS!\" \/>\n<meta property=\"og:url\" content=\"https:\/\/alternea.eu\/es\/feliz-ano-nuevo-y-mejores-deseos-2025\/\" \/>\n<meta property=\"og:site_name\" content=\"Alternea\" \/>\n<meta property=\"article:published_time\" content=\"2025-01-03T14:35:00+00:00\" \/>\n<meta property=\"article:modified_time\" content=\"2025-11-17T14:34:29+00:00\" \/>\n<meta property=\"og:image\" content=\"https:\/\/alternea.eu\/wp-content\/uploads\/2025\/01\/1200x630Paysage-2-2025-NEWS-ALTERNEA_H.jpg\" \/>\n\t<meta property=\"og:image:width\" content=\"1200\" \/>\n\t<meta property=\"og:image:height\" content=\"630\" \/>\n\t<meta property=\"og:image:type\" content=\"image\/jpeg\" \/>\n<meta name=\"author\" content=\"Agence Totem\" \/>\n<meta name=\"twitter:card\" content=\"summary_large_image\" \/>\n<meta name=\"twitter:label1\" content=\"Escrito por\" \/>\n\t<meta name=\"twitter:data1\" content=\"Agence Totem\" \/>\n\t<meta name=\"twitter:label2\" content=\"Tiempo de lectura\" \/>\n\t<meta name=\"twitter:data2\" content=\"1 minuto\" \/>\n<script type=\"application\/ld+json\" class=\"yoast-schema-graph\">{\"@context\":\"https:\/\/schema.org\",\"@graph\":[{\"@type\":\"Article\",\"@id\":\"https:\/\/alternea.eu\/es\/feliz-ano-nuevo-y-mejores-deseos-2025\/#article\",\"isPartOf\":{\"@id\":\"https:\/\/alternea.eu\/es\/feliz-ano-nuevo-y-mejores-deseos-2025\/\"},\"author\":{\"name\":\"Agence Totem\",\"@id\":\"https:\/\/alternea.eu\/es\/#\/schema\/person\/497c77af4e0fdac3d5a8fa1cb10870a0\"},\"headline\":\"Feliz A\u00f1o Nuevo y Mejores Deseos 2025\",\"datePublished\":\"2025-01-03T14:35:00+00:00\",\"dateModified\":\"2025-11-17T14:34:29+00:00\",\"mainEntityOfPage\":{\"@id\":\"https:\/\/alternea.eu\/es\/feliz-ano-nuevo-y-mejores-deseos-2025\/\"},\"wordCount\":125,\"publisher\":{\"@id\":\"https:\/\/alternea.eu\/es\/#organization\"},\"image\":{\"@id\":\"https:\/\/alternea.eu\/es\/feliz-ano-nuevo-y-mejores-deseos-2025\/#primaryimage\"},\"thumbnailUrl\":\"https:\/\/alternea.eu\/wp-content\/uploads\/2025\/01\/1200x630Paysage-2-2025-NEWS-ALTERNEA_H.jpg\",\"articleSection\":[\"Noticias\"],\"inLanguage\":\"es\"},{\"@type\":\"WebPage\",\"@id\":\"https:\/\/alternea.eu\/es\/feliz-ano-nuevo-y-mejores-deseos-2025\/\",\"url\":\"https:\/\/alternea.eu\/es\/feliz-ano-nuevo-y-mejores-deseos-2025\/\",\"name\":\"Feliz A\u00f1o Nuevo y Mejores Deseos 2025 - Alternea\",\"isPartOf\":{\"@id\":\"https:\/\/alternea.eu\/es\/#website\"},\"primaryImageOfPage\":{\"@id\":\"https:\/\/alternea.eu\/es\/feliz-ano-nuevo-y-mejores-deseos-2025\/#primaryimage\"},\"image\":{\"@id\":\"https:\/\/alternea.eu\/es\/feliz-ano-nuevo-y-mejores-deseos-2025\/#primaryimage\"},\"thumbnailUrl\":\"https:\/\/alternea.eu\/wp-content\/uploads\/2025\/01\/1200x630Paysage-2-2025-NEWS-ALTERNEA_H.jpg\",\"datePublished\":\"2025-01-03T14:35:00+00:00\",\"dateModified\":\"2025-11-17T14:34:29+00:00\",\"description\":\"Feliz A\u00f1o Nuevo y Mejores Deseos 2025: \u00a1Trabajar juntos para afrontar los retos del ma\u00f1ana con ALTERNEA y ALTERNEA FARMS!\",\"breadcrumb\":{\"@id\":\"https:\/\/alternea.eu\/es\/feliz-ano-nuevo-y-mejores-deseos-2025\/#breadcrumb\"},\"inLanguage\":\"es\",\"potentialAction\":[{\"@type\":\"ReadAction\",\"target\":[\"https:\/\/alternea.eu\/es\/feliz-ano-nuevo-y-mejores-deseos-2025\/\"]}]},{\"@type\":\"ImageObject\",\"inLanguage\":\"es\",\"@id\":\"https:\/\/alternea.eu\/es\/feliz-ano-nuevo-y-mejores-deseos-2025\/#primaryimage\",\"url\":\"https:\/\/alternea.eu\/wp-content\/uploads\/2025\/01\/1200x630Paysage-2-2025-NEWS-ALTERNEA_H.jpg\",\"contentUrl\":\"https:\/\/alternea.eu\/wp-content\/uploads\/2025\/01\/1200x630Paysage-2-2025-NEWS-ALTERNEA_H.jpg\",\"width\":1200,\"height\":630,\"caption\":\"Bonne ann\u00e9e & Meilleurs v\u0153ux 2025\"},{\"@type\":\"BreadcrumbList\",\"@id\":\"https:\/\/alternea.eu\/es\/feliz-ano-nuevo-y-mejores-deseos-2025\/#breadcrumb\",\"itemListElement\":[{\"@type\":\"ListItem\",\"position\":1,\"name\":\"Accueil\",\"item\":\"https:\/\/alternea.eu\/es\/\"},{\"@type\":\"ListItem\",\"position\":2,\"name\":\"Feliz A\u00f1o Nuevo y Mejores Deseos 2025\"}]},{\"@type\":\"WebSite\",\"@id\":\"https:\/\/alternea.eu\/es\/#website\",\"url\":\"https:\/\/alternea.eu\/es\/\",\"name\":\"Alternea\",\"description\":\"Vente fruits et l\u00e9gumes bas\u00e9 \u00e0 Perpignan\",\"publisher\":{\"@id\":\"https:\/\/alternea.eu\/es\/#organization\"},\"potentialAction\":[{\"@type\":\"SearchAction\",\"target\":{\"@type\":\"EntryPoint\",\"urlTemplate\":\"https:\/\/alternea.eu\/es\/?s={search_term_string}\"},\"query-input\":\"required name=search_term_string\"}],\"inLanguage\":\"es\"},{\"@type\":\"Organization\",\"@id\":\"https:\/\/alternea.eu\/es\/#organization\",\"name\":\"Alternea\",\"url\":\"https:\/\/alternea.eu\/es\/\",\"logo\":{\"@type\":\"ImageObject\",\"inLanguage\":\"es\",\"@id\":\"https:\/\/alternea.eu\/es\/#\/schema\/logo\/image\/\",\"url\":\"https:\/\/alternea.eu\/wp-content\/uploads\/2022\/09\/logo-menu-alternea.png\",\"contentUrl\":\"https:\/\/alternea.eu\/wp-content\/uploads\/2022\/09\/logo-menu-alternea.png\",\"width\":283,\"height\":104,\"caption\":\"Alternea\"},\"image\":{\"@id\":\"https:\/\/alternea.eu\/es\/#\/schema\/logo\/image\/\"}},{\"@type\":\"Person\",\"@id\":\"https:\/\/alternea.eu\/es\/#\/schema\/person\/497c77af4e0fdac3d5a8fa1cb10870a0\",\"name\":\"Agence Totem\",\"image\":{\"@type\":\"ImageObject\",\"inLanguage\":\"es\",\"@id\":\"https:\/\/alternea.eu\/es\/#\/schema\/person\/image\/\",\"url\":\"https:\/\/secure.gravatar.com\/avatar\/bc45f3d9e17e6a5562872d579f8c6c8a?s=96&d=mm&r=g\",\"contentUrl\":\"https:\/\/secure.gravatar.com\/avatar\/bc45f3d9e17e6a5562872d579f8c6c8a?s=96&d=mm&r=g\",\"caption\":\"Agence Totem\"},\"url\":\"https:\/\/alternea.eu\/es\/author\/admin-alternea\/\"}]}<\/script>\n<!-- \/ Yoast SEO plugin. -->","yoast_head_json":{"title":"Feliz A\u00f1o Nuevo y Mejores Deseos 2025 - Alternea","description":"Feliz A\u00f1o Nuevo y Mejores Deseos 2025: \u00a1Trabajar juntos para afrontar los retos del ma\u00f1ana con ALTERNEA y ALTERNEA FARMS!","robots":{"index":"index","follow":"follow","max-snippet":"max-snippet:-1","max-image-preview":"max-image-preview:large","max-video-preview":"max-video-preview:-1"},"canonical":"https:\/\/alternea.eu\/es\/feliz-ano-nuevo-y-mejores-deseos-2025\/","og_locale":"es_ES","og_type":"article","og_title":"Feliz A\u00f1o Nuevo y Mejores Deseos 2025 - Alternea","og_description":"Feliz A\u00f1o Nuevo y Mejores Deseos 2025: \u00a1Trabajar juntos para afrontar los retos del ma\u00f1ana con ALTERNEA y ALTERNEA FARMS!","og_url":"https:\/\/alternea.eu\/es\/feliz-ano-nuevo-y-mejores-deseos-2025\/","og_site_name":"Alternea","article_published_time":"2025-01-03T14:35:00+00:00","article_modified_time":"2025-11-17T14:34:29+00:00","og_image":[{"width":1200,"height":630,"url":"https:\/\/alternea.eu\/wp-content\/uploads\/2025\/01\/1200x630Paysage-2-2025-NEWS-ALTERNEA_H.jpg","type":"image\/jpeg"}],"author":"Agence Totem","twitter_card":"summary_large_image","twitter_misc":{"Escrito por":"Agence Totem","Tiempo de lectura":"1 minuto"},"schema":{"@context":"https:\/\/schema.org","@graph":[{"@type":"Article","@id":"https:\/\/alternea.eu\/es\/feliz-ano-nuevo-y-mejores-deseos-2025\/#article","isPartOf":{"@id":"https:\/\/alternea.eu\/es\/feliz-ano-nuevo-y-mejores-deseos-2025\/"},"author":{"name":"Agence Totem","@id":"https:\/\/alternea.eu\/es\/#\/schema\/person\/497c77af4e0fdac3d5a8fa1cb10870a0"},"headline":"Feliz A\u00f1o Nuevo y Mejores Deseos 2025","datePublished":"2025-01-03T14:35:00+00:00","dateModified":"2025-11-17T14:34:29+00:00","mainEntityOfPage":{"@id":"https:\/\/alternea.eu\/es\/feliz-ano-nuevo-y-mejores-deseos-2025\/"},"wordCount":125,"publisher":{"@id":"https:\/\/alternea.eu\/es\/#organization"},"image":{"@id":"https:\/\/alternea.eu\/es\/feliz-ano-nuevo-y-mejores-deseos-2025\/#primaryimage"},"thumbnailUrl":"https:\/\/alternea.eu\/wp-content\/uploads\/2025\/01\/1200x630Paysage-2-2025-NEWS-ALTERNEA_H.jpg","articleSection":["Noticias"],"inLanguage":"es"},{"@type":"WebPage","@id":"https:\/\/alternea.eu\/es\/feliz-ano-nuevo-y-mejores-deseos-2025\/","url":"https:\/\/alternea.eu\/es\/feliz-ano-nuevo-y-mejores-deseos-2025\/","name":"Feliz A\u00f1o Nuevo y Mejores Deseos 2025 - Alternea","isPartOf":{"@id":"https:\/\/alternea.eu\/es\/#website"},"primaryImageOfPage":{"@id":"https:\/\/alternea.eu\/es\/feliz-ano-nuevo-y-mejores-deseos-2025\/#primaryimage"},"image":{"@id":"https:\/\/alternea.eu\/es\/feliz-ano-nuevo-y-mejores-deseos-2025\/#primaryimage"},"thumbnailUrl":"https:\/\/alternea.eu\/wp-content\/uploads\/2025\/01\/1200x630Paysage-2-2025-NEWS-ALTERNEA_H.jpg","datePublished":"2025-01-03T14:35:00+00:00","dateModified":"2025-11-17T14:34:29+00:00","description":"Feliz A\u00f1o Nuevo y Mejores Deseos 2025: \u00a1Trabajar juntos para afrontar los retos del ma\u00f1ana con ALTERNEA y ALTERNEA FARMS!","breadcrumb":{"@id":"https:\/\/alternea.eu\/es\/feliz-ano-nuevo-y-mejores-deseos-2025\/#breadcrumb"},"inLanguage":"es","potentialAction":[{"@type":"ReadAction","target":["https:\/\/alternea.eu\/es\/feliz-ano-nuevo-y-mejores-deseos-2025\/"]}]},{"@type":"ImageObject","inLanguage":"es","@id":"https:\/\/alternea.eu\/es\/feliz-ano-nuevo-y-mejores-deseos-2025\/#primaryimage","url":"https:\/\/alternea.eu\/wp-content\/uploads\/2025\/01\/1200x630Paysage-2-2025-NEWS-ALTERNEA_H.jpg","contentUrl":"https:\/\/alternea.eu\/wp-content\/uploads\/2025\/01\/1200x630Paysage-2-2025-NEWS-ALTERNEA_H.jpg","width":1200,"height":630,"caption":"Bonne ann\u00e9e & Meilleurs v\u0153ux 2025"},{"@type":"BreadcrumbList","@id":"https:\/\/alternea.eu\/es\/feliz-ano-nuevo-y-mejores-deseos-2025\/#breadcrumb","itemListElement":[{"@type":"ListItem","position":1,"name":"Accueil","item":"https:\/\/alternea.eu\/es\/"},{"@type":"ListItem","position":2,"name":"Feliz A\u00f1o Nuevo y Mejores Deseos 2025"}]},{"@type":"WebSite","@id":"https:\/\/alternea.eu\/es\/#website","url":"https:\/\/alternea.eu\/es\/","name":"Alternea","description":"Vente fruits et l\u00e9gumes bas\u00e9 \u00e0 Perpignan","publisher":{"@id":"https:\/\/alternea.eu\/es\/#organization"},"potentialAction":[{"@type":"SearchAction","target":{"@type":"EntryPoint","urlTemplate":"https:\/\/alternea.eu\/es\/?s={search_term_string}"},"query-input":"required name=search_term_string"}],"inLanguage":"es"},{"@type":"Organization","@id":"https:\/\/alternea.eu\/es\/#organization","name":"Alternea","url":"https:\/\/alternea.eu\/es\/","logo":{"@type":"ImageObject","inLanguage":"es","@id":"https:\/\/alternea.eu\/es\/#\/schema\/logo\/image\/","url":"https:\/\/alternea.eu\/wp-content\/uploads\/2022\/09\/logo-menu-alternea.png","contentUrl":"https:\/\/alternea.eu\/wp-content\/uploads\/2022\/09\/logo-menu-alternea.png","width":283,"height":104,"caption":"Alternea"},"image":{"@id":"https:\/\/alternea.eu\/es\/#\/schema\/logo\/image\/"}},{"@type":"Person","@id":"https:\/\/alternea.eu\/es\/#\/schema\/person\/497c77af4e0fdac3d5a8fa1cb10870a0","name":"Agence Totem","image":{"@type":"ImageObject","inLanguage":"es","@id":"https:\/\/alternea.eu\/es\/#\/schema\/person\/image\/","url":"https:\/\/secure.gravatar.com\/avatar\/bc45f3d9e17e6a5562872d579f8c6c8a?s=96&d=mm&r=g","contentUrl":"https:\/\/secure.gravatar.com\/avatar\/bc45f3d9e17e6a5562872d579f8c6c8a?s=96&d=mm&r=g","caption":"Agence Totem"},"url":"https:\/\/alternea.eu\/es\/author\/admin-alternea\/"}]}},"_links":{"self":[{"href":"https:\/\/alternea.eu\/es\/wp-json\/wp\/v2\/posts\/1851"}],"collection":[{"href":"https:\/\/alternea.eu\/es\/wp-json\/wp\/v2\/posts"}],"about":[{"href":"https:\/\/alternea.eu\/es\/wp-json\/wp\/v2\/types\/post"}],"author":[{"embeddable":true,"href":"https:\/\/alternea.eu\/es\/wp-json\/wp\/v2\/users\/2"}],"replies":[{"embeddable":true,"href":"https:\/\/alternea.eu\/es\/wp-json\/wp\/v2\/comments?post=1851"}],"version-history":[{"count":9,"href":"https:\/\/alternea.eu\/es\/wp-json\/wp\/v2\/posts\/1851\/revisions"}],"predecessor-version":[{"id":2317,"href":"https:\/\/alternea.eu\/es\/wp-json\/wp\/v2\/posts\/1851\/revisions\/2317"}],"wp:featuredmedia":[{"embeddable":true,"href":"https:\/\/alternea.eu\/es\/wp-json\/wp\/v2\/media\/1846"}],"wp:attachment":[{"href":"https:\/\/alternea.eu\/es\/wp-json\/wp\/v2\/media?parent=1851"}],"wp:term":[{"taxonomy":"category","embeddable":true,"href":"https:\/\/alternea.eu\/es\/wp-json\/wp\/v2\/categories?post=1851"},{"taxonomy":"post_tag","embeddable":true,"href":"https:\/\/alternea.eu\/es\/wp-json\/wp\/v2\/tags?post=1851"}],"curies":[{"name":"wp","href":"https:\/\/api.w.org\/{rel}","templated":true}]}}