{"id":1763,"date":"2024-03-08T17:48:16","date_gmt":"2024-03-08T16:48:16","guid":{"rendered":"https:\/\/alternea.eu\/?p=1763"},"modified":"2025-11-17T15:34:19","modified_gmt":"2025-11-17T14:34:19","slug":"las-alcachofas-del-rosellon-ocupan-un-lugar-destacado-en-alternea","status":"publish","type":"post","link":"https:\/\/alternea.eu\/es\/las-alcachofas-del-rosellon-ocupan-un-lugar-destacado-en-alternea\/","title":{"rendered":"Las alcachofas del Rosell\u00f3n ocupan un lugar destacado en Alternea"},"content":{"rendered":"\n<p>\u00a1Las alcachofas del Rosell\u00f3n est\u00e1n de vuelta y disponibles en Alternea! Tras una espera estacional, nuestros campos rebosan ahora de estas delicias gastron\u00f3micas, famosas por sus beneficios para la salud.<\/p>\n\n<p>Este a\u00f1o celebramos nuestra 3\u00aa temporada de colaboraci\u00f3n con <a href=\"https:\/\/www.teraneo.eu\/\">Teraneo<\/a> y sus familias campesinas de los Pirineos Orientales. Como expertos en alcachofas del Rosell\u00f3n, Alternea te ofrece una selecci\u00f3n de distintas variedades: blancas (sambo, pop vert, reina verde, calic\u00f3) y moradas (capriccio, violeta de Provenza), procedentes de un terru\u00f1o rico y generoso y del trabajo apasionado de nuestros cultivadores locales.<\/p>\n\n<p>El sol del sur significa que tenemos las primeras alcachofas francesas de la temporada. Con Teraneo, <a href=\"https:\/\/alternea.eu\/es\/productos\/\">Alternea <\/a>apoya y promueve el trabajo y la experiencia de nuestros productores, que se comprometen cada a\u00f1o con una agricultura respetuosa con las personas y el medio ambiente, a pesar de los retos a los que se enfrentan.<\/p>\n\n<p>Nuestras alcachofas del Rosell\u00f3n est\u00e1n disponibles en distintos envases: paquetes tradicionales de madera, cajas de cart\u00f3n, IfcoBlack y Europool. Estas alcachofas de calidad se conservan bien y tienen un car\u00e1cter delicado y generoso. Son un aliado en la cocina, tanto cocidas como crudas, y son ricas en antioxidantes, fibra y vitaminas.<\/p>\n\n<p>Con sus reconocidas propiedades desintoxicantes y su origen franc\u00e9s, son una baza importante en las estanter\u00edas. El producto de temporada perfecto, \u00a1la verdura que anuncia la primavera!<\/p>\n\n<p>Nuestro equipo de ventas est\u00e1 dispuesto a escucharte, \u00a1as\u00ed que ponte <a href=\"https:\/\/alternea.eu\/es\/contacte-con\/\">en contacto<\/a>!<\/p>\n\n<figure class=\"wp-block-image\"><img loading=\"lazy\" decoding=\"async\" width=\"1406\" height=\"1406\" src=\"https:\/\/alternea.eu\/wp-content\/uploads\/2024\/03\/ALTERNEA-article-site-artichauts-mars2024-OK.jpg\" alt=\"Alternea y Teraneo\" class=\"wp-image-1766\" srcset=\"https:\/\/alternea.eu\/wp-content\/uploads\/2024\/03\/ALTERNEA-article-site-artichauts-mars2024-OK.jpg 1406w, https:\/\/alternea.eu\/wp-content\/uploads\/2024\/03\/ALTERNEA-article-site-artichauts-mars2024-OK-300x300.jpg 300w, https:\/\/alternea.eu\/wp-content\/uploads\/2024\/03\/ALTERNEA-article-site-artichauts-mars2024-OK-1024x1024.jpg 1024w, https:\/\/alternea.eu\/wp-content\/uploads\/2024\/03\/ALTERNEA-article-site-artichauts-mars2024-OK-150x150.jpg 150w, https:\/\/alternea.eu\/wp-content\/uploads\/2024\/03\/ALTERNEA-article-site-artichauts-mars2024-OK-768x768.jpg 768w, https:\/\/alternea.eu\/wp-content\/uploads\/2024\/03\/ALTERNEA-article-site-artichauts-mars2024-OK-75x75.jpg 75w, https:\/\/alternea.eu\/wp-content\/uploads\/2024\/03\/ALTERNEA-article-site-artichauts-mars2024-OK-600x600.jpg 600w\" sizes=\"(max-width:767px) 600px, (max-width:1406px) 100vw, 1406px\" \/><figcaption class=\"wp-element-caption\">Alternea y alcachofas de temporada  <\/figcaption><\/figure>\n\n<figure class=\"wp-block-image size-large is-resized\" id=\"alternea.com\"><img loading=\"lazy\" decoding=\"async\" width=\"1024\" height=\"1024\" src=\"https:\/\/alternea.eu\/wp-content\/uploads\/2024\/03\/ALTERNEA-article-site-artichauts-mars2024-OK-1-1024x1024.jpg\" alt=\"\" class=\"wp-image-1769\" style=\"aspect-ratio:4\/3;object-fit:cover;width:511px;height:undefinedpx\" title=\"ATRACCI&#xD3;N FRUT&#xCD;COLA 2023 ALTERNEA  \" srcset=\"https:\/\/alternea.eu\/wp-content\/uploads\/2024\/03\/ALTERNEA-article-site-artichauts-mars2024-OK-1-1024x1024.jpg 1024w, https:\/\/alternea.eu\/wp-content\/uploads\/2024\/03\/ALTERNEA-article-site-artichauts-mars2024-OK-1-300x300.jpg 300w, https:\/\/alternea.eu\/wp-content\/uploads\/2024\/03\/ALTERNEA-article-site-artichauts-mars2024-OK-1-150x150.jpg 150w, https:\/\/alternea.eu\/wp-content\/uploads\/2024\/03\/ALTERNEA-article-site-artichauts-mars2024-OK-1-768x768.jpg 768w, https:\/\/alternea.eu\/wp-content\/uploads\/2024\/03\/ALTERNEA-article-site-artichauts-mars2024-OK-1-75x75.jpg 75w, https:\/\/alternea.eu\/wp-content\/uploads\/2024\/03\/ALTERNEA-article-site-artichauts-mars2024-OK-1-600x600.jpg 600w, https:\/\/alternea.eu\/wp-content\/uploads\/2024\/03\/ALTERNEA-article-site-artichauts-mars2024-OK-1.jpg 1406w\" sizes=\"(max-width:767px) 600px, (max-width:1024px) 100vw, 1024px\" \/><\/figure>\n","protected":false},"excerpt":{"rendered":"<p>\u00a1Las alcachofas del Rosell\u00f3n est\u00e1n de vuelta y disponibles en Alternea! Tras una espera estacional, nuestros campos rebosan ahora de<span class=\"excerpt-hellip\"> [\u2026]<\/span><\/p>\n","protected":false},"author":3,"featured_media":1774,"comment_status":"closed","ping_status":"closed","sticky":false,"template":"","format":"standard","meta":{"footnotes":""},"categories":[26],"tags":[],"yoast_head":"<!-- This site is optimized with the Yoast SEO plugin v22.8 - https:\/\/yoast.com\/wordpress\/plugins\/seo\/ -->\n<title>Las alcachofas del Rosell\u00f3n ocupan un lugar destacado en Alternea - Alternea<\/title>\n<meta name=\"description\" content=\"Las alcachofas del Rosell\u00f3n est\u00e1n disponibles en Francia. Ven a descubrir las delicias de la primavera, \u00a1para disfrutarlas sin moderaci\u00f3n!\" \/>\n<meta name=\"robots\" content=\"index, follow, max-snippet:-1, max-image-preview:large, max-video-preview:-1\" \/>\n<link rel=\"canonical\" href=\"https:\/\/alternea.eu\/es\/las-alcachofas-del-rosellon-ocupan-un-lugar-destacado-en-alternea\/\" \/>\n<meta property=\"og:locale\" content=\"es_ES\" \/>\n<meta property=\"og:type\" content=\"article\" \/>\n<meta property=\"og:title\" content=\"Las alcachofas del Rosell\u00f3n ocupan un lugar destacado en Alternea - Alternea\" \/>\n<meta property=\"og:description\" content=\"Las alcachofas del Rosell\u00f3n est\u00e1n disponibles en Francia. Ven a descubrir las delicias de la primavera, \u00a1para disfrutarlas sin moderaci\u00f3n!\" \/>\n<meta property=\"og:url\" content=\"https:\/\/alternea.eu\/es\/las-alcachofas-del-rosellon-ocupan-un-lugar-destacado-en-alternea\/\" \/>\n<meta property=\"og:site_name\" content=\"Alternea\" \/>\n<meta property=\"article:published_time\" content=\"2024-03-08T16:48:16+00:00\" \/>\n<meta property=\"article:modified_time\" content=\"2025-11-17T14:34:19+00:00\" \/>\n<meta property=\"og:image\" content=\"https:\/\/alternea.eu\/wp-content\/uploads\/2024\/03\/ALTERNEA-article-site-artichauts-mars2024-V2.jpg\" \/>\n\t<meta property=\"og:image:width\" content=\"840\" \/>\n\t<meta property=\"og:image:height\" content=\"745\" \/>\n\t<meta property=\"og:image:type\" content=\"image\/jpeg\" \/>\n<meta name=\"author\" content=\"cl-alter-n\" \/>\n<meta name=\"twitter:card\" content=\"summary_large_image\" \/>\n<meta name=\"twitter:label1\" content=\"Escrito por\" \/>\n\t<meta name=\"twitter:data1\" content=\"cl-alter-n\" \/>\n\t<meta name=\"twitter:label2\" content=\"Tiempo de lectura\" \/>\n\t<meta name=\"twitter:data2\" content=\"1 minuto\" \/>\n<script type=\"application\/ld+json\" class=\"yoast-schema-graph\">{\"@context\":\"https:\/\/schema.org\",\"@graph\":[{\"@type\":\"Article\",\"@id\":\"https:\/\/alternea.eu\/es\/las-alcachofas-del-rosellon-ocupan-un-lugar-destacado-en-alternea\/#article\",\"isPartOf\":{\"@id\":\"https:\/\/alternea.eu\/es\/las-alcachofas-del-rosellon-ocupan-un-lugar-destacado-en-alternea\/\"},\"author\":{\"name\":\"cl-alter-n\",\"@id\":\"https:\/\/alternea.eu\/es\/#\/schema\/person\/815325b6e94ae263a0d75ad96de759a1\"},\"headline\":\"Las alcachofas del Rosell\u00f3n ocupan un lugar destacado en Alternea\",\"datePublished\":\"2024-03-08T16:48:16+00:00\",\"dateModified\":\"2025-11-17T14:34:19+00:00\",\"mainEntityOfPage\":{\"@id\":\"https:\/\/alternea.eu\/es\/las-alcachofas-del-rosellon-ocupan-un-lugar-destacado-en-alternea\/\"},\"wordCount\":265,\"publisher\":{\"@id\":\"https:\/\/alternea.eu\/es\/#organization\"},\"image\":{\"@id\":\"https:\/\/alternea.eu\/es\/las-alcachofas-del-rosellon-ocupan-un-lugar-destacado-en-alternea\/#primaryimage\"},\"thumbnailUrl\":\"https:\/\/alternea.eu\/wp-content\/uploads\/2024\/03\/ALTERNEA-article-site-artichauts-mars2024-V2.jpg\",\"articleSection\":[\"Noticias\"],\"inLanguage\":\"es\"},{\"@type\":\"WebPage\",\"@id\":\"https:\/\/alternea.eu\/es\/las-alcachofas-del-rosellon-ocupan-un-lugar-destacado-en-alternea\/\",\"url\":\"https:\/\/alternea.eu\/es\/las-alcachofas-del-rosellon-ocupan-un-lugar-destacado-en-alternea\/\",\"name\":\"Las alcachofas del Rosell\u00f3n ocupan un lugar destacado en Alternea - Alternea\",\"isPartOf\":{\"@id\":\"https:\/\/alternea.eu\/es\/#website\"},\"primaryImageOfPage\":{\"@id\":\"https:\/\/alternea.eu\/es\/las-alcachofas-del-rosellon-ocupan-un-lugar-destacado-en-alternea\/#primaryimage\"},\"image\":{\"@id\":\"https:\/\/alternea.eu\/es\/las-alcachofas-del-rosellon-ocupan-un-lugar-destacado-en-alternea\/#primaryimage\"},\"thumbnailUrl\":\"https:\/\/alternea.eu\/wp-content\/uploads\/2024\/03\/ALTERNEA-article-site-artichauts-mars2024-V2.jpg\",\"datePublished\":\"2024-03-08T16:48:16+00:00\",\"dateModified\":\"2025-11-17T14:34:19+00:00\",\"description\":\"Las alcachofas del Rosell\u00f3n est\u00e1n disponibles en Francia. Ven a descubrir las delicias de la primavera, \u00a1para disfrutarlas sin moderaci\u00f3n!\",\"breadcrumb\":{\"@id\":\"https:\/\/alternea.eu\/es\/las-alcachofas-del-rosellon-ocupan-un-lugar-destacado-en-alternea\/#breadcrumb\"},\"inLanguage\":\"es\",\"potentialAction\":[{\"@type\":\"ReadAction\",\"target\":[\"https:\/\/alternea.eu\/es\/las-alcachofas-del-rosellon-ocupan-un-lugar-destacado-en-alternea\/\"]}]},{\"@type\":\"ImageObject\",\"inLanguage\":\"es\",\"@id\":\"https:\/\/alternea.eu\/es\/las-alcachofas-del-rosellon-ocupan-un-lugar-destacado-en-alternea\/#primaryimage\",\"url\":\"https:\/\/alternea.eu\/wp-content\/uploads\/2024\/03\/ALTERNEA-article-site-artichauts-mars2024-V2.jpg\",\"contentUrl\":\"https:\/\/alternea.eu\/wp-content\/uploads\/2024\/03\/ALTERNEA-article-site-artichauts-mars2024-V2.jpg\",\"width\":840,\"height\":745},{\"@type\":\"BreadcrumbList\",\"@id\":\"https:\/\/alternea.eu\/es\/las-alcachofas-del-rosellon-ocupan-un-lugar-destacado-en-alternea\/#breadcrumb\",\"itemListElement\":[{\"@type\":\"ListItem\",\"position\":1,\"name\":\"Accueil\",\"item\":\"https:\/\/alternea.eu\/es\/\"},{\"@type\":\"ListItem\",\"position\":2,\"name\":\"Las alcachofas del Rosell\u00f3n ocupan un lugar destacado en Alternea\"}]},{\"@type\":\"WebSite\",\"@id\":\"https:\/\/alternea.eu\/es\/#website\",\"url\":\"https:\/\/alternea.eu\/es\/\",\"name\":\"Alternea\",\"description\":\"Vente fruits et l\u00e9gumes bas\u00e9 \u00e0 Perpignan\",\"publisher\":{\"@id\":\"https:\/\/alternea.eu\/es\/#organization\"},\"potentialAction\":[{\"@type\":\"SearchAction\",\"target\":{\"@type\":\"EntryPoint\",\"urlTemplate\":\"https:\/\/alternea.eu\/es\/?s={search_term_string}\"},\"query-input\":\"required name=search_term_string\"}],\"inLanguage\":\"es\"},{\"@type\":\"Organization\",\"@id\":\"https:\/\/alternea.eu\/es\/#organization\",\"name\":\"Alternea\",\"url\":\"https:\/\/alternea.eu\/es\/\",\"logo\":{\"@type\":\"ImageObject\",\"inLanguage\":\"es\",\"@id\":\"https:\/\/alternea.eu\/es\/#\/schema\/logo\/image\/\",\"url\":\"https:\/\/alternea.eu\/wp-content\/uploads\/2022\/09\/logo-menu-alternea.png\",\"contentUrl\":\"https:\/\/alternea.eu\/wp-content\/uploads\/2022\/09\/logo-menu-alternea.png\",\"width\":283,\"height\":104,\"caption\":\"Alternea\"},\"image\":{\"@id\":\"https:\/\/alternea.eu\/es\/#\/schema\/logo\/image\/\"}},{\"@type\":\"Person\",\"@id\":\"https:\/\/alternea.eu\/es\/#\/schema\/person\/815325b6e94ae263a0d75ad96de759a1\",\"name\":\"cl-alter-n\",\"image\":{\"@type\":\"ImageObject\",\"inLanguage\":\"es\",\"@id\":\"https:\/\/alternea.eu\/es\/#\/schema\/person\/image\/\",\"url\":\"https:\/\/secure.gravatar.com\/avatar\/3de67c572f136b7b3d4ac14d43266264?s=96&d=mm&r=g\",\"contentUrl\":\"https:\/\/secure.gravatar.com\/avatar\/3de67c572f136b7b3d4ac14d43266264?s=96&d=mm&r=g\",\"caption\":\"cl-alter-n\"},\"url\":\"https:\/\/alternea.eu\/es\/author\/cl-alter-n\/\"}]}<\/script>\n<!-- \/ Yoast SEO plugin. -->","yoast_head_json":{"title":"Las alcachofas del Rosell\u00f3n ocupan un lugar destacado en Alternea - Alternea","description":"Las alcachofas del Rosell\u00f3n est\u00e1n disponibles en Francia. Ven a descubrir las delicias de la primavera, \u00a1para disfrutarlas sin moderaci\u00f3n!","robots":{"index":"index","follow":"follow","max-snippet":"max-snippet:-1","max-image-preview":"max-image-preview:large","max-video-preview":"max-video-preview:-1"},"canonical":"https:\/\/alternea.eu\/es\/las-alcachofas-del-rosellon-ocupan-un-lugar-destacado-en-alternea\/","og_locale":"es_ES","og_type":"article","og_title":"Las alcachofas del Rosell\u00f3n ocupan un lugar destacado en Alternea - Alternea","og_description":"Las alcachofas del Rosell\u00f3n est\u00e1n disponibles en Francia. Ven a descubrir las delicias de la primavera, \u00a1para disfrutarlas sin moderaci\u00f3n!","og_url":"https:\/\/alternea.eu\/es\/las-alcachofas-del-rosellon-ocupan-un-lugar-destacado-en-alternea\/","og_site_name":"Alternea","article_published_time":"2024-03-08T16:48:16+00:00","article_modified_time":"2025-11-17T14:34:19+00:00","og_image":[{"width":840,"height":745,"url":"https:\/\/alternea.eu\/wp-content\/uploads\/2024\/03\/ALTERNEA-article-site-artichauts-mars2024-V2.jpg","type":"image\/jpeg"}],"author":"cl-alter-n","twitter_card":"summary_large_image","twitter_misc":{"Escrito por":"cl-alter-n","Tiempo de lectura":"1 minuto"},"schema":{"@context":"https:\/\/schema.org","@graph":[{"@type":"Article","@id":"https:\/\/alternea.eu\/es\/las-alcachofas-del-rosellon-ocupan-un-lugar-destacado-en-alternea\/#article","isPartOf":{"@id":"https:\/\/alternea.eu\/es\/las-alcachofas-del-rosellon-ocupan-un-lugar-destacado-en-alternea\/"},"author":{"name":"cl-alter-n","@id":"https:\/\/alternea.eu\/es\/#\/schema\/person\/815325b6e94ae263a0d75ad96de759a1"},"headline":"Las alcachofas del Rosell\u00f3n ocupan un lugar destacado en Alternea","datePublished":"2024-03-08T16:48:16+00:00","dateModified":"2025-11-17T14:34:19+00:00","mainEntityOfPage":{"@id":"https:\/\/alternea.eu\/es\/las-alcachofas-del-rosellon-ocupan-un-lugar-destacado-en-alternea\/"},"wordCount":265,"publisher":{"@id":"https:\/\/alternea.eu\/es\/#organization"},"image":{"@id":"https:\/\/alternea.eu\/es\/las-alcachofas-del-rosellon-ocupan-un-lugar-destacado-en-alternea\/#primaryimage"},"thumbnailUrl":"https:\/\/alternea.eu\/wp-content\/uploads\/2024\/03\/ALTERNEA-article-site-artichauts-mars2024-V2.jpg","articleSection":["Noticias"],"inLanguage":"es"},{"@type":"WebPage","@id":"https:\/\/alternea.eu\/es\/las-alcachofas-del-rosellon-ocupan-un-lugar-destacado-en-alternea\/","url":"https:\/\/alternea.eu\/es\/las-alcachofas-del-rosellon-ocupan-un-lugar-destacado-en-alternea\/","name":"Las alcachofas del Rosell\u00f3n ocupan un lugar destacado en Alternea - Alternea","isPartOf":{"@id":"https:\/\/alternea.eu\/es\/#website"},"primaryImageOfPage":{"@id":"https:\/\/alternea.eu\/es\/las-alcachofas-del-rosellon-ocupan-un-lugar-destacado-en-alternea\/#primaryimage"},"image":{"@id":"https:\/\/alternea.eu\/es\/las-alcachofas-del-rosellon-ocupan-un-lugar-destacado-en-alternea\/#primaryimage"},"thumbnailUrl":"https:\/\/alternea.eu\/wp-content\/uploads\/2024\/03\/ALTERNEA-article-site-artichauts-mars2024-V2.jpg","datePublished":"2024-03-08T16:48:16+00:00","dateModified":"2025-11-17T14:34:19+00:00","description":"Las alcachofas del Rosell\u00f3n est\u00e1n disponibles en Francia. Ven a descubrir las delicias de la primavera, \u00a1para disfrutarlas sin moderaci\u00f3n!","breadcrumb":{"@id":"https:\/\/alternea.eu\/es\/las-alcachofas-del-rosellon-ocupan-un-lugar-destacado-en-alternea\/#breadcrumb"},"inLanguage":"es","potentialAction":[{"@type":"ReadAction","target":["https:\/\/alternea.eu\/es\/las-alcachofas-del-rosellon-ocupan-un-lugar-destacado-en-alternea\/"]}]},{"@type":"ImageObject","inLanguage":"es","@id":"https:\/\/alternea.eu\/es\/las-alcachofas-del-rosellon-ocupan-un-lugar-destacado-en-alternea\/#primaryimage","url":"https:\/\/alternea.eu\/wp-content\/uploads\/2024\/03\/ALTERNEA-article-site-artichauts-mars2024-V2.jpg","contentUrl":"https:\/\/alternea.eu\/wp-content\/uploads\/2024\/03\/ALTERNEA-article-site-artichauts-mars2024-V2.jpg","width":840,"height":745},{"@type":"BreadcrumbList","@id":"https:\/\/alternea.eu\/es\/las-alcachofas-del-rosellon-ocupan-un-lugar-destacado-en-alternea\/#breadcrumb","itemListElement":[{"@type":"ListItem","position":1,"name":"Accueil","item":"https:\/\/alternea.eu\/es\/"},{"@type":"ListItem","position":2,"name":"Las alcachofas del Rosell\u00f3n ocupan un lugar destacado en Alternea"}]},{"@type":"WebSite","@id":"https:\/\/alternea.eu\/es\/#website","url":"https:\/\/alternea.eu\/es\/","name":"Alternea","description":"Vente fruits et l\u00e9gumes bas\u00e9 \u00e0 Perpignan","publisher":{"@id":"https:\/\/alternea.eu\/es\/#organization"},"potentialAction":[{"@type":"SearchAction","target":{"@type":"EntryPoint","urlTemplate":"https:\/\/alternea.eu\/es\/?s={search_term_string}"},"query-input":"required name=search_term_string"}],"inLanguage":"es"},{"@type":"Organization","@id":"https:\/\/alternea.eu\/es\/#organization","name":"Alternea","url":"https:\/\/alternea.eu\/es\/","logo":{"@type":"ImageObject","inLanguage":"es","@id":"https:\/\/alternea.eu\/es\/#\/schema\/logo\/image\/","url":"https:\/\/alternea.eu\/wp-content\/uploads\/2022\/09\/logo-menu-alternea.png","contentUrl":"https:\/\/alternea.eu\/wp-content\/uploads\/2022\/09\/logo-menu-alternea.png","width":283,"height":104,"caption":"Alternea"},"image":{"@id":"https:\/\/alternea.eu\/es\/#\/schema\/logo\/image\/"}},{"@type":"Person","@id":"https:\/\/alternea.eu\/es\/#\/schema\/person\/815325b6e94ae263a0d75ad96de759a1","name":"cl-alter-n","image":{"@type":"ImageObject","inLanguage":"es","@id":"https:\/\/alternea.eu\/es\/#\/schema\/person\/image\/","url":"https:\/\/secure.gravatar.com\/avatar\/3de67c572f136b7b3d4ac14d43266264?s=96&d=mm&r=g","contentUrl":"https:\/\/secure.gravatar.com\/avatar\/3de67c572f136b7b3d4ac14d43266264?s=96&d=mm&r=g","caption":"cl-alter-n"},"url":"https:\/\/alternea.eu\/es\/author\/cl-alter-n\/"}]}},"_links":{"self":[{"href":"https:\/\/alternea.eu\/es\/wp-json\/wp\/v2\/posts\/1763"}],"collection":[{"href":"https:\/\/alternea.eu\/es\/wp-json\/wp\/v2\/posts"}],"about":[{"href":"https:\/\/alternea.eu\/es\/wp-json\/wp\/v2\/types\/post"}],"author":[{"embeddable":true,"href":"https:\/\/alternea.eu\/es\/wp-json\/wp\/v2\/users\/3"}],"replies":[{"embeddable":true,"href":"https:\/\/alternea.eu\/es\/wp-json\/wp\/v2\/comments?post=1763"}],"version-history":[{"count":3,"href":"https:\/\/alternea.eu\/es\/wp-json\/wp\/v2\/posts\/1763\/revisions"}],"predecessor-version":[{"id":1871,"href":"https:\/\/alternea.eu\/es\/wp-json\/wp\/v2\/posts\/1763\/revisions\/1871"}],"wp:featuredmedia":[{"embeddable":true,"href":"https:\/\/alternea.eu\/es\/wp-json\/wp\/v2\/media\/1774"}],"wp:attachment":[{"href":"https:\/\/alternea.eu\/es\/wp-json\/wp\/v2\/media?parent=1763"}],"wp:term":[{"taxonomy":"category","embeddable":true,"href":"https:\/\/alternea.eu\/es\/wp-json\/wp\/v2\/categories?post=1763"},{"taxonomy":"post_tag","embeddable":true,"href":"https:\/\/alternea.eu\/es\/wp-json\/wp\/v2\/tags?post=1763"}],"curies":[{"name":"wp","href":"https:\/\/api.w.org\/{rel}","templated":true}]}}