{"id":1580,"date":"2023-05-17T16:56:56","date_gmt":"2023-05-17T14:56:56","guid":{"rendered":"https:\/\/alternea.eu\/alternea-mantiene-su-compromiso-ecorresponsable\/"},"modified":"2025-11-17T15:34:33","modified_gmt":"2025-11-17T14:34:33","slug":"alternea-mantiene-su-compromiso-ecorresponsable","status":"publish","type":"post","link":"https:\/\/alternea.eu\/es\/alternea-mantiene-su-compromiso-ecorresponsable\/","title":{"rendered":"ALTERNEA mantiene su compromiso ecorresponsable"},"content":{"rendered":"\n<p class=\"has-text-align-left\">ALTERNEA se enorgullece de anunciar sus primeras cifras significativas de ahorro energ\u00e9tico gracias a sus equipos de paneles fotovoltaicos instalados por la empresa<a href=\"http:\/\/www.groupe-silversun.com\/\" target=\"_blank\" rel=\"noreferrer noopener\"> SILVERSUN <\/a>.  <\/p>\n\n<p class=\"has-text-align-left\">Gracias al <a href=\"https:\/\/www.bpifrance.fr\" target=\"_blank\" rel=\"noreferrer noopener\">BPI <\/a>por su confianza y por ayudarnos a financiar este hermoso proyecto. Esta instalaci\u00f3n es un ejemplo concreto de nuestro compromiso ecorresponsable con un mundo m\u00e1s sostenible.<\/p>\n\n<p class=\"has-text-align-left\">Se instalaron 768 paneles en 1800 m\u00b2 de tejado en nuestra plataforma. \u00a1Ya estamos en el 20% de ahorro desde el 19 de enero de 2023!<\/p>\n\n<p class=\"has-text-align-left\">\ud83d\udca1 Como ejemplo. Producimos una media de un megavatio al d\u00eda. Es el consumo diario de electricidad de 77 hogares (o 42 radiadores de 1.000 vatios encendidos durante 24 horas).  <\/p>\n\n<p class=\"has-text-align-left\">El autoconsumo solar contribuye a reducir nuestro impacto ambiental y nuestros costes energ\u00e9ticos.  <\/p>\n\n<p class=\"has-text-align-left\">Estamos encantados de haber dado este primer paso. Todo el equipo de Alternea est\u00e1 encantado de ver que nuestra inversi\u00f3n en estas energ\u00edas renovables est\u00e1 dando sus frutos tan r\u00e1pidamente.<\/p>\n\n<p class=\"has-text-align-left\">Muchas gracias tambi\u00e9n a nuestro fot\u00f3grafo <a href=\"http:\/\/www.alexandrepapais.com\" target=\"_blank\" rel=\"noreferrer noopener\">Alexandre PAPAIS<\/a> por sus magn\u00edficas im\u00e1genes, que nos permiten mostrarles el resultado de cada proyecto <a href=\"https:\/\/alternea.eu\/es\/\" target=\"_blank\" rel=\"noreferrer noopener\">de ALTERNEA<\/a>.<\/p>\n\n<figure class=\"wp-block-gallery has-nested-images columns-default is-cropped wp-block-gallery-1 is-layout-flex wp-block-gallery-is-layout-flex\">\n<figure class=\"wp-block-image size-large\"><img loading=\"lazy\" decoding=\"async\" width=\"1024\" height=\"683\" data-id=\"1571\" src=\"https:\/\/alternea.eu\/wp-content\/uploads\/2023\/05\/Panneaux-photovoltaiques-2-alternea-mai-2023-1024x683.jpg\" alt=\"Paneles fotovoltaicos ALTERNEA\" class=\"wp-image-1571\"\/><figcaption class=\"wp-element-caption\">La plataforma ALTERNEA, equipada con 768 paneles fotovoltaicos<\/figcaption><\/figure>\n<\/figure>\n\n<figure class=\"wp-block-gallery has-nested-images columns-default is-cropped wp-block-gallery-2 is-layout-flex wp-block-gallery-is-layout-flex\"><\/figure>\n","protected":false},"excerpt":{"rendered":"<p>ALTERNEA se enorgullece de anunciar sus primeras cifras significativas de ahorro energ\u00e9tico gracias a sus equipos de paneles fotovoltaicos instalados<span class=\"excerpt-hellip\"> [\u2026]<\/span><\/p>\n","protected":false},"author":3,"featured_media":1573,"comment_status":"closed","ping_status":"closed","sticky":false,"template":"","format":"standard","meta":{"footnotes":""},"categories":[22],"tags":[],"yoast_head":"<!-- This site is optimized with the Yoast SEO plugin v22.8 - https:\/\/yoast.com\/wordpress\/plugins\/seo\/ -->\n<title>ALTERNEA mantiene su compromiso ecorresponsable - Alternea<\/title>\n<meta name=\"description\" content=\"ALTERNEA prosigue su enfoque ecorresponsable instalando paneles fotovoltaicos en el tejado de su plataforma.\" \/>\n<meta name=\"robots\" content=\"index, follow, max-snippet:-1, max-image-preview:large, max-video-preview:-1\" \/>\n<link rel=\"canonical\" href=\"https:\/\/alternea.eu\/es\/alternea-mantiene-su-compromiso-ecorresponsable\/\" \/>\n<meta property=\"og:locale\" content=\"es_ES\" \/>\n<meta property=\"og:type\" content=\"article\" \/>\n<meta property=\"og:title\" content=\"ALTERNEA mantiene su compromiso ecorresponsable - Alternea\" \/>\n<meta property=\"og:description\" content=\"ALTERNEA prosigue su enfoque ecorresponsable instalando paneles fotovoltaicos en el tejado de su plataforma.\" \/>\n<meta property=\"og:url\" content=\"https:\/\/alternea.eu\/es\/alternea-mantiene-su-compromiso-ecorresponsable\/\" \/>\n<meta property=\"og:site_name\" content=\"Alternea\" \/>\n<meta property=\"article:published_time\" content=\"2023-05-17T14:56:56+00:00\" \/>\n<meta property=\"article:modified_time\" content=\"2025-11-17T14:34:33+00:00\" \/>\n<meta property=\"og:image\" content=\"https:\/\/alternea.eu\/wp-content\/uploads\/2023\/05\/Panneaux-photovoltaiques-2-alternea-mai-2023-scaled-e1684488672821.jpg\" \/>\n\t<meta property=\"og:image:width\" content=\"2560\" \/>\n\t<meta property=\"og:image:height\" content=\"1707\" \/>\n\t<meta property=\"og:image:type\" content=\"image\/jpeg\" \/>\n<meta name=\"author\" content=\"cl-alter-n\" \/>\n<meta name=\"twitter:card\" content=\"summary_large_image\" \/>\n<meta name=\"twitter:label1\" content=\"Escrito por\" \/>\n\t<meta name=\"twitter:data1\" content=\"cl-alter-n\" \/>\n\t<meta name=\"twitter:label2\" content=\"Tiempo de lectura\" \/>\n\t<meta name=\"twitter:data2\" content=\"1 minuto\" \/>\n<script type=\"application\/ld+json\" class=\"yoast-schema-graph\">{\"@context\":\"https:\/\/schema.org\",\"@graph\":[{\"@type\":\"Article\",\"@id\":\"https:\/\/alternea.eu\/es\/alternea-mantiene-su-compromiso-ecorresponsable\/#article\",\"isPartOf\":{\"@id\":\"https:\/\/alternea.eu\/es\/alternea-mantiene-su-compromiso-ecorresponsable\/\"},\"author\":{\"name\":\"cl-alter-n\",\"@id\":\"https:\/\/alternea.eu\/es\/#\/schema\/person\/815325b6e94ae263a0d75ad96de759a1\"},\"headline\":\"ALTERNEA mantiene su compromiso ecorresponsable\",\"datePublished\":\"2023-05-17T14:56:56+00:00\",\"dateModified\":\"2025-11-17T14:34:33+00:00\",\"mainEntityOfPage\":{\"@id\":\"https:\/\/alternea.eu\/es\/alternea-mantiene-su-compromiso-ecorresponsable\/\"},\"wordCount\":189,\"publisher\":{\"@id\":\"https:\/\/alternea.eu\/es\/#organization\"},\"image\":{\"@id\":\"https:\/\/alternea.eu\/es\/alternea-mantiene-su-compromiso-ecorresponsable\/#primaryimage\"},\"thumbnailUrl\":\"https:\/\/alternea.eu\/wp-content\/uploads\/2023\/05\/Panneaux-photovoltaiques-2-alternea-mai-2023-scaled-e1684488672821.jpg\",\"articleSection\":[\"Sin categorizar\"],\"inLanguage\":\"es\"},{\"@type\":\"WebPage\",\"@id\":\"https:\/\/alternea.eu\/es\/alternea-mantiene-su-compromiso-ecorresponsable\/\",\"url\":\"https:\/\/alternea.eu\/es\/alternea-mantiene-su-compromiso-ecorresponsable\/\",\"name\":\"ALTERNEA mantiene su compromiso ecorresponsable - Alternea\",\"isPartOf\":{\"@id\":\"https:\/\/alternea.eu\/es\/#website\"},\"primaryImageOfPage\":{\"@id\":\"https:\/\/alternea.eu\/es\/alternea-mantiene-su-compromiso-ecorresponsable\/#primaryimage\"},\"image\":{\"@id\":\"https:\/\/alternea.eu\/es\/alternea-mantiene-su-compromiso-ecorresponsable\/#primaryimage\"},\"thumbnailUrl\":\"https:\/\/alternea.eu\/wp-content\/uploads\/2023\/05\/Panneaux-photovoltaiques-2-alternea-mai-2023-scaled-e1684488672821.jpg\",\"datePublished\":\"2023-05-17T14:56:56+00:00\",\"dateModified\":\"2025-11-17T14:34:33+00:00\",\"description\":\"ALTERNEA prosigue su enfoque ecorresponsable instalando paneles fotovoltaicos en el tejado de su plataforma.\",\"breadcrumb\":{\"@id\":\"https:\/\/alternea.eu\/es\/alternea-mantiene-su-compromiso-ecorresponsable\/#breadcrumb\"},\"inLanguage\":\"es\",\"potentialAction\":[{\"@type\":\"ReadAction\",\"target\":[\"https:\/\/alternea.eu\/es\/alternea-mantiene-su-compromiso-ecorresponsable\/\"]}]},{\"@type\":\"ImageObject\",\"inLanguage\":\"es\",\"@id\":\"https:\/\/alternea.eu\/es\/alternea-mantiene-su-compromiso-ecorresponsable\/#primaryimage\",\"url\":\"https:\/\/alternea.eu\/wp-content\/uploads\/2023\/05\/Panneaux-photovoltaiques-2-alternea-mai-2023-scaled-e1684488672821.jpg\",\"contentUrl\":\"https:\/\/alternea.eu\/wp-content\/uploads\/2023\/05\/Panneaux-photovoltaiques-2-alternea-mai-2023-scaled-e1684488672821.jpg\",\"width\":2560,\"height\":1707,\"caption\":\"La plateforme ALTERNEA \u00e9quip\u00e9e de 768 panneaux photovolta\u00efques\"},{\"@type\":\"BreadcrumbList\",\"@id\":\"https:\/\/alternea.eu\/es\/alternea-mantiene-su-compromiso-ecorresponsable\/#breadcrumb\",\"itemListElement\":[{\"@type\":\"ListItem\",\"position\":1,\"name\":\"Accueil\",\"item\":\"https:\/\/alternea.eu\/es\/\"},{\"@type\":\"ListItem\",\"position\":2,\"name\":\"ALTERNEA mantiene su compromiso ecorresponsable\"}]},{\"@type\":\"WebSite\",\"@id\":\"https:\/\/alternea.eu\/es\/#website\",\"url\":\"https:\/\/alternea.eu\/es\/\",\"name\":\"Alternea\",\"description\":\"Vente fruits et l\u00e9gumes bas\u00e9 \u00e0 Perpignan\",\"publisher\":{\"@id\":\"https:\/\/alternea.eu\/es\/#organization\"},\"potentialAction\":[{\"@type\":\"SearchAction\",\"target\":{\"@type\":\"EntryPoint\",\"urlTemplate\":\"https:\/\/alternea.eu\/es\/?s={search_term_string}\"},\"query-input\":\"required name=search_term_string\"}],\"inLanguage\":\"es\"},{\"@type\":\"Organization\",\"@id\":\"https:\/\/alternea.eu\/es\/#organization\",\"name\":\"Alternea\",\"url\":\"https:\/\/alternea.eu\/es\/\",\"logo\":{\"@type\":\"ImageObject\",\"inLanguage\":\"es\",\"@id\":\"https:\/\/alternea.eu\/es\/#\/schema\/logo\/image\/\",\"url\":\"https:\/\/alternea.eu\/wp-content\/uploads\/2022\/09\/logo-menu-alternea.png\",\"contentUrl\":\"https:\/\/alternea.eu\/wp-content\/uploads\/2022\/09\/logo-menu-alternea.png\",\"width\":283,\"height\":104,\"caption\":\"Alternea\"},\"image\":{\"@id\":\"https:\/\/alternea.eu\/es\/#\/schema\/logo\/image\/\"}},{\"@type\":\"Person\",\"@id\":\"https:\/\/alternea.eu\/es\/#\/schema\/person\/815325b6e94ae263a0d75ad96de759a1\",\"name\":\"cl-alter-n\",\"image\":{\"@type\":\"ImageObject\",\"inLanguage\":\"es\",\"@id\":\"https:\/\/alternea.eu\/es\/#\/schema\/person\/image\/\",\"url\":\"https:\/\/secure.gravatar.com\/avatar\/3de67c572f136b7b3d4ac14d43266264?s=96&d=mm&r=g\",\"contentUrl\":\"https:\/\/secure.gravatar.com\/avatar\/3de67c572f136b7b3d4ac14d43266264?s=96&d=mm&r=g\",\"caption\":\"cl-alter-n\"},\"url\":\"https:\/\/alternea.eu\/es\/author\/cl-alter-n\/\"}]}<\/script>\n<!-- \/ Yoast SEO plugin. -->","yoast_head_json":{"title":"ALTERNEA mantiene su compromiso ecorresponsable - Alternea","description":"ALTERNEA prosigue su enfoque ecorresponsable instalando paneles fotovoltaicos en el tejado de su plataforma.","robots":{"index":"index","follow":"follow","max-snippet":"max-snippet:-1","max-image-preview":"max-image-preview:large","max-video-preview":"max-video-preview:-1"},"canonical":"https:\/\/alternea.eu\/es\/alternea-mantiene-su-compromiso-ecorresponsable\/","og_locale":"es_ES","og_type":"article","og_title":"ALTERNEA mantiene su compromiso ecorresponsable - Alternea","og_description":"ALTERNEA prosigue su enfoque ecorresponsable instalando paneles fotovoltaicos en el tejado de su plataforma.","og_url":"https:\/\/alternea.eu\/es\/alternea-mantiene-su-compromiso-ecorresponsable\/","og_site_name":"Alternea","article_published_time":"2023-05-17T14:56:56+00:00","article_modified_time":"2025-11-17T14:34:33+00:00","og_image":[{"width":2560,"height":1707,"url":"https:\/\/alternea.eu\/wp-content\/uploads\/2023\/05\/Panneaux-photovoltaiques-2-alternea-mai-2023-scaled-e1684488672821.jpg","type":"image\/jpeg"}],"author":"cl-alter-n","twitter_card":"summary_large_image","twitter_misc":{"Escrito por":"cl-alter-n","Tiempo de lectura":"1 minuto"},"schema":{"@context":"https:\/\/schema.org","@graph":[{"@type":"Article","@id":"https:\/\/alternea.eu\/es\/alternea-mantiene-su-compromiso-ecorresponsable\/#article","isPartOf":{"@id":"https:\/\/alternea.eu\/es\/alternea-mantiene-su-compromiso-ecorresponsable\/"},"author":{"name":"cl-alter-n","@id":"https:\/\/alternea.eu\/es\/#\/schema\/person\/815325b6e94ae263a0d75ad96de759a1"},"headline":"ALTERNEA mantiene su compromiso ecorresponsable","datePublished":"2023-05-17T14:56:56+00:00","dateModified":"2025-11-17T14:34:33+00:00","mainEntityOfPage":{"@id":"https:\/\/alternea.eu\/es\/alternea-mantiene-su-compromiso-ecorresponsable\/"},"wordCount":189,"publisher":{"@id":"https:\/\/alternea.eu\/es\/#organization"},"image":{"@id":"https:\/\/alternea.eu\/es\/alternea-mantiene-su-compromiso-ecorresponsable\/#primaryimage"},"thumbnailUrl":"https:\/\/alternea.eu\/wp-content\/uploads\/2023\/05\/Panneaux-photovoltaiques-2-alternea-mai-2023-scaled-e1684488672821.jpg","articleSection":["Sin categorizar"],"inLanguage":"es"},{"@type":"WebPage","@id":"https:\/\/alternea.eu\/es\/alternea-mantiene-su-compromiso-ecorresponsable\/","url":"https:\/\/alternea.eu\/es\/alternea-mantiene-su-compromiso-ecorresponsable\/","name":"ALTERNEA mantiene su compromiso ecorresponsable - Alternea","isPartOf":{"@id":"https:\/\/alternea.eu\/es\/#website"},"primaryImageOfPage":{"@id":"https:\/\/alternea.eu\/es\/alternea-mantiene-su-compromiso-ecorresponsable\/#primaryimage"},"image":{"@id":"https:\/\/alternea.eu\/es\/alternea-mantiene-su-compromiso-ecorresponsable\/#primaryimage"},"thumbnailUrl":"https:\/\/alternea.eu\/wp-content\/uploads\/2023\/05\/Panneaux-photovoltaiques-2-alternea-mai-2023-scaled-e1684488672821.jpg","datePublished":"2023-05-17T14:56:56+00:00","dateModified":"2025-11-17T14:34:33+00:00","description":"ALTERNEA prosigue su enfoque ecorresponsable instalando paneles fotovoltaicos en el tejado de su plataforma.","breadcrumb":{"@id":"https:\/\/alternea.eu\/es\/alternea-mantiene-su-compromiso-ecorresponsable\/#breadcrumb"},"inLanguage":"es","potentialAction":[{"@type":"ReadAction","target":["https:\/\/alternea.eu\/es\/alternea-mantiene-su-compromiso-ecorresponsable\/"]}]},{"@type":"ImageObject","inLanguage":"es","@id":"https:\/\/alternea.eu\/es\/alternea-mantiene-su-compromiso-ecorresponsable\/#primaryimage","url":"https:\/\/alternea.eu\/wp-content\/uploads\/2023\/05\/Panneaux-photovoltaiques-2-alternea-mai-2023-scaled-e1684488672821.jpg","contentUrl":"https:\/\/alternea.eu\/wp-content\/uploads\/2023\/05\/Panneaux-photovoltaiques-2-alternea-mai-2023-scaled-e1684488672821.jpg","width":2560,"height":1707,"caption":"La plateforme ALTERNEA \u00e9quip\u00e9e de 768 panneaux photovolta\u00efques"},{"@type":"BreadcrumbList","@id":"https:\/\/alternea.eu\/es\/alternea-mantiene-su-compromiso-ecorresponsable\/#breadcrumb","itemListElement":[{"@type":"ListItem","position":1,"name":"Accueil","item":"https:\/\/alternea.eu\/es\/"},{"@type":"ListItem","position":2,"name":"ALTERNEA mantiene su compromiso ecorresponsable"}]},{"@type":"WebSite","@id":"https:\/\/alternea.eu\/es\/#website","url":"https:\/\/alternea.eu\/es\/","name":"Alternea","description":"Vente fruits et l\u00e9gumes bas\u00e9 \u00e0 Perpignan","publisher":{"@id":"https:\/\/alternea.eu\/es\/#organization"},"potentialAction":[{"@type":"SearchAction","target":{"@type":"EntryPoint","urlTemplate":"https:\/\/alternea.eu\/es\/?s={search_term_string}"},"query-input":"required name=search_term_string"}],"inLanguage":"es"},{"@type":"Organization","@id":"https:\/\/alternea.eu\/es\/#organization","name":"Alternea","url":"https:\/\/alternea.eu\/es\/","logo":{"@type":"ImageObject","inLanguage":"es","@id":"https:\/\/alternea.eu\/es\/#\/schema\/logo\/image\/","url":"https:\/\/alternea.eu\/wp-content\/uploads\/2022\/09\/logo-menu-alternea.png","contentUrl":"https:\/\/alternea.eu\/wp-content\/uploads\/2022\/09\/logo-menu-alternea.png","width":283,"height":104,"caption":"Alternea"},"image":{"@id":"https:\/\/alternea.eu\/es\/#\/schema\/logo\/image\/"}},{"@type":"Person","@id":"https:\/\/alternea.eu\/es\/#\/schema\/person\/815325b6e94ae263a0d75ad96de759a1","name":"cl-alter-n","image":{"@type":"ImageObject","inLanguage":"es","@id":"https:\/\/alternea.eu\/es\/#\/schema\/person\/image\/","url":"https:\/\/secure.gravatar.com\/avatar\/3de67c572f136b7b3d4ac14d43266264?s=96&d=mm&r=g","contentUrl":"https:\/\/secure.gravatar.com\/avatar\/3de67c572f136b7b3d4ac14d43266264?s=96&d=mm&r=g","caption":"cl-alter-n"},"url":"https:\/\/alternea.eu\/es\/author\/cl-alter-n\/"}]}},"_links":{"self":[{"href":"https:\/\/alternea.eu\/es\/wp-json\/wp\/v2\/posts\/1580"}],"collection":[{"href":"https:\/\/alternea.eu\/es\/wp-json\/wp\/v2\/posts"}],"about":[{"href":"https:\/\/alternea.eu\/es\/wp-json\/wp\/v2\/types\/post"}],"author":[{"embeddable":true,"href":"https:\/\/alternea.eu\/es\/wp-json\/wp\/v2\/users\/3"}],"replies":[{"embeddable":true,"href":"https:\/\/alternea.eu\/es\/wp-json\/wp\/v2\/comments?post=1580"}],"version-history":[{"count":6,"href":"https:\/\/alternea.eu\/es\/wp-json\/wp\/v2\/posts\/1580\/revisions"}],"predecessor-version":[{"id":2319,"href":"https:\/\/alternea.eu\/es\/wp-json\/wp\/v2\/posts\/1580\/revisions\/2319"}],"wp:featuredmedia":[{"embeddable":true,"href":"https:\/\/alternea.eu\/es\/wp-json\/wp\/v2\/media\/1573"}],"wp:attachment":[{"href":"https:\/\/alternea.eu\/es\/wp-json\/wp\/v2\/media?parent=1580"}],"wp:term":[{"taxonomy":"category","embeddable":true,"href":"https:\/\/alternea.eu\/es\/wp-json\/wp\/v2\/categories?post=1580"},{"taxonomy":"post_tag","embeddable":true,"href":"https:\/\/alternea.eu\/es\/wp-json\/wp\/v2\/tags?post=1580"}],"curies":[{"name":"wp","href":"https:\/\/api.w.org\/{rel}","templated":true}]}}