{"id":1579,"date":"2023-05-17T16:56:56","date_gmt":"2023-05-17T14:56:56","guid":{"rendered":"https:\/\/alternea.eu\/alternea-continues-its-eco-responsible-commitment\/"},"modified":"2025-11-17T15:34:32","modified_gmt":"2025-11-17T14:34:32","slug":"alternea-continues-its-eco-responsible-commitment","status":"publish","type":"post","link":"https:\/\/alternea.eu\/en\/alternea-continues-its-eco-responsible-commitment\/","title":{"rendered":"ALTERNEA continues its eco-responsible commitment"},"content":{"rendered":"\n<p class=\"has-text-align-left\">ALTERNEA is proud to announce its first significant energy saving figures thanks to its photovoltaic panel equipment installed by the company<a href=\"http:\/\/www.groupe-silversun.com\/\" target=\"_blank\" rel=\"noreferrer noopener\"> SILVERSUN <\/a>.  <\/p>\n\n<p class=\"has-text-align-left\">Thank you to the <a href=\"https:\/\/www.bpifrance.fr\" target=\"_blank\" rel=\"noreferrer noopener\">BPI <\/a>for their confidence and for helping us to finance this beautiful project. This installation is a concrete example of our eco-responsible commitment to a more sustainable world.<\/p>\n\n<p class=\"has-text-align-left\">768 panels have been installed on 1800m\u00b2 of roofing on our platform. We are already at 20% savings since January 19, 2023!<\/p>\n\n<p class=\"has-text-align-left\">\ud83d\udca1 As an example. Our production is on average one megawatt per day. This is the daily electricity consumption of 77 households (or 42 radiators of 1000w turned on for 24 hours).  <\/p>\n\n<p class=\"has-text-align-left\">Solar self-consumption helps reduce our environmental impact and energy costs.  <\/p>\n\n<p class=\"has-text-align-left\">We are delighted to have taken this first step. The entire Alternea team is pleased to see that our investment in these renewable energies is bearing fruit so quickly!<\/p>\n\n<p class=\"has-text-align-left\">A big thank you also to our photographer <a href=\"http:\/\/www.alexandrepapais.com\" target=\"_blank\" rel=\"noreferrer noopener\">Alexandre PAPAIS<\/a> for his superb pictures which allow us to present you the outcome of each <a href=\"https:\/\/alternea.eu\/en\/\" target=\"_blank\" rel=\"noreferrer noopener\">ALTERNEA<\/a> project !<\/p>\n\n<figure class=\"wp-block-gallery has-nested-images columns-default is-cropped wp-block-gallery-1 is-layout-flex wp-block-gallery-is-layout-flex\">\n<figure class=\"wp-block-image size-large\"><img loading=\"lazy\" decoding=\"async\" width=\"1024\" height=\"683\" data-id=\"1571\" src=\"https:\/\/alternea.eu\/wp-content\/uploads\/2023\/05\/Panneaux-photovoltaiques-2-alternea-mai-2023-1024x683.jpg\" alt=\"ALTERNEA photovoltaic panels\" class=\"wp-image-1571\"\/><figcaption class=\"wp-element-caption\">The ALTERNEA platform equipped with 768 photovoltaic panels<\/figcaption><\/figure>\n<\/figure>\n\n<figure class=\"wp-block-gallery has-nested-images columns-default is-cropped wp-block-gallery-2 is-layout-flex wp-block-gallery-is-layout-flex\"><\/figure>\n","protected":false},"excerpt":{"rendered":"<p>ALTERNEA is proud to announce its first significant energy saving figures thanks to its photovoltaic panel equipment installed by the<span class=\"excerpt-hellip\"> [\u2026]<\/span><\/p>\n","protected":false},"author":3,"featured_media":1572,"comment_status":"closed","ping_status":"closed","sticky":false,"template":"","format":"standard","meta":{"footnotes":""},"categories":[2],"tags":[],"yoast_head":"<!-- This site is optimized with the Yoast SEO plugin v22.8 - https:\/\/yoast.com\/wordpress\/plugins\/seo\/ -->\n<title>ALTERNEA continues its eco-responsible commitment - Alternea<\/title>\n<meta name=\"description\" content=\"ALTERNEA continues its eco-responsible approach by installing photovoltaic panels on the roof of its platform.\" \/>\n<meta name=\"robots\" content=\"index, follow, max-snippet:-1, max-image-preview:large, max-video-preview:-1\" \/>\n<link rel=\"canonical\" href=\"https:\/\/alternea.eu\/en\/alternea-continues-its-eco-responsible-commitment\/\" \/>\n<meta property=\"og:locale\" content=\"en_US\" \/>\n<meta property=\"og:type\" content=\"article\" \/>\n<meta property=\"og:title\" content=\"ALTERNEA continues its eco-responsible commitment - Alternea\" \/>\n<meta property=\"og:description\" content=\"ALTERNEA continues its eco-responsible approach by installing photovoltaic panels on the roof of its platform.\" \/>\n<meta property=\"og:url\" content=\"https:\/\/alternea.eu\/en\/alternea-continues-its-eco-responsible-commitment\/\" \/>\n<meta property=\"og:site_name\" content=\"Alternea\" \/>\n<meta property=\"article:published_time\" content=\"2023-05-17T14:56:56+00:00\" \/>\n<meta property=\"article:modified_time\" content=\"2025-11-17T14:34:32+00:00\" \/>\n<meta property=\"og:image\" content=\"https:\/\/alternea.eu\/wp-content\/uploads\/2023\/05\/Panneaux-photovoltaiques-2-alternea-mai-2023-scaled-e1684488672821.jpg\" \/>\n\t<meta property=\"og:image:width\" content=\"2560\" \/>\n\t<meta property=\"og:image:height\" content=\"1707\" \/>\n\t<meta property=\"og:image:type\" content=\"image\/jpeg\" \/>\n<meta name=\"author\" content=\"cl-alter-n\" \/>\n<meta name=\"twitter:card\" content=\"summary_large_image\" \/>\n<meta name=\"twitter:label1\" content=\"Written by\" \/>\n\t<meta name=\"twitter:data1\" content=\"cl-alter-n\" \/>\n\t<meta name=\"twitter:label2\" content=\"Est. reading time\" \/>\n\t<meta name=\"twitter:data2\" content=\"1 minute\" \/>\n<script type=\"application\/ld+json\" class=\"yoast-schema-graph\">{\"@context\":\"https:\/\/schema.org\",\"@graph\":[{\"@type\":\"Article\",\"@id\":\"https:\/\/alternea.eu\/en\/alternea-continues-its-eco-responsible-commitment\/#article\",\"isPartOf\":{\"@id\":\"https:\/\/alternea.eu\/en\/alternea-continues-its-eco-responsible-commitment\/\"},\"author\":{\"name\":\"cl-alter-n\",\"@id\":\"https:\/\/alternea.eu\/en\/#\/schema\/person\/815325b6e94ae263a0d75ad96de759a1\"},\"headline\":\"ALTERNEA continues its eco-responsible commitment\",\"datePublished\":\"2023-05-17T14:56:56+00:00\",\"dateModified\":\"2025-11-17T14:34:32+00:00\",\"mainEntityOfPage\":{\"@id\":\"https:\/\/alternea.eu\/en\/alternea-continues-its-eco-responsible-commitment\/\"},\"wordCount\":177,\"publisher\":{\"@id\":\"https:\/\/alternea.eu\/en\/#organization\"},\"image\":{\"@id\":\"https:\/\/alternea.eu\/en\/alternea-continues-its-eco-responsible-commitment\/#primaryimage\"},\"thumbnailUrl\":\"https:\/\/alternea.eu\/wp-content\/uploads\/2023\/05\/Panneaux-photovoltaiques-2-alternea-mai-2023-scaled-e1684488672821.jpg\",\"inLanguage\":\"en-US\"},{\"@type\":\"WebPage\",\"@id\":\"https:\/\/alternea.eu\/en\/alternea-continues-its-eco-responsible-commitment\/\",\"url\":\"https:\/\/alternea.eu\/en\/alternea-continues-its-eco-responsible-commitment\/\",\"name\":\"ALTERNEA continues its eco-responsible commitment - Alternea\",\"isPartOf\":{\"@id\":\"https:\/\/alternea.eu\/en\/#website\"},\"primaryImageOfPage\":{\"@id\":\"https:\/\/alternea.eu\/en\/alternea-continues-its-eco-responsible-commitment\/#primaryimage\"},\"image\":{\"@id\":\"https:\/\/alternea.eu\/en\/alternea-continues-its-eco-responsible-commitment\/#primaryimage\"},\"thumbnailUrl\":\"https:\/\/alternea.eu\/wp-content\/uploads\/2023\/05\/Panneaux-photovoltaiques-2-alternea-mai-2023-scaled-e1684488672821.jpg\",\"datePublished\":\"2023-05-17T14:56:56+00:00\",\"dateModified\":\"2025-11-17T14:34:32+00:00\",\"description\":\"ALTERNEA continues its eco-responsible approach by installing photovoltaic panels on the roof of its platform.\",\"breadcrumb\":{\"@id\":\"https:\/\/alternea.eu\/en\/alternea-continues-its-eco-responsible-commitment\/#breadcrumb\"},\"inLanguage\":\"en-US\",\"potentialAction\":[{\"@type\":\"ReadAction\",\"target\":[\"https:\/\/alternea.eu\/en\/alternea-continues-its-eco-responsible-commitment\/\"]}]},{\"@type\":\"ImageObject\",\"inLanguage\":\"en-US\",\"@id\":\"https:\/\/alternea.eu\/en\/alternea-continues-its-eco-responsible-commitment\/#primaryimage\",\"url\":\"https:\/\/alternea.eu\/wp-content\/uploads\/2023\/05\/Panneaux-photovoltaiques-2-alternea-mai-2023-scaled-e1684488672821.jpg\",\"contentUrl\":\"https:\/\/alternea.eu\/wp-content\/uploads\/2023\/05\/Panneaux-photovoltaiques-2-alternea-mai-2023-scaled-e1684488672821.jpg\",\"width\":2560,\"height\":1707,\"caption\":\"La plateforme ALTERNEA \u00e9quip\u00e9e de 768 panneaux photovolta\u00efques\"},{\"@type\":\"BreadcrumbList\",\"@id\":\"https:\/\/alternea.eu\/en\/alternea-continues-its-eco-responsible-commitment\/#breadcrumb\",\"itemListElement\":[{\"@type\":\"ListItem\",\"position\":1,\"name\":\"Accueil\",\"item\":\"https:\/\/alternea.eu\/en\/\"},{\"@type\":\"ListItem\",\"position\":2,\"name\":\"ALTERNEA continues its eco-responsible commitment\"}]},{\"@type\":\"WebSite\",\"@id\":\"https:\/\/alternea.eu\/en\/#website\",\"url\":\"https:\/\/alternea.eu\/en\/\",\"name\":\"Alternea\",\"description\":\"Vente fruits et l\u00e9gumes bas\u00e9 \u00e0 Perpignan\",\"publisher\":{\"@id\":\"https:\/\/alternea.eu\/en\/#organization\"},\"potentialAction\":[{\"@type\":\"SearchAction\",\"target\":{\"@type\":\"EntryPoint\",\"urlTemplate\":\"https:\/\/alternea.eu\/en\/?s={search_term_string}\"},\"query-input\":\"required name=search_term_string\"}],\"inLanguage\":\"en-US\"},{\"@type\":\"Organization\",\"@id\":\"https:\/\/alternea.eu\/en\/#organization\",\"name\":\"Alternea\",\"url\":\"https:\/\/alternea.eu\/en\/\",\"logo\":{\"@type\":\"ImageObject\",\"inLanguage\":\"en-US\",\"@id\":\"https:\/\/alternea.eu\/en\/#\/schema\/logo\/image\/\",\"url\":\"https:\/\/alternea.eu\/wp-content\/uploads\/2022\/09\/logo-menu-alternea.png\",\"contentUrl\":\"https:\/\/alternea.eu\/wp-content\/uploads\/2022\/09\/logo-menu-alternea.png\",\"width\":283,\"height\":104,\"caption\":\"Alternea\"},\"image\":{\"@id\":\"https:\/\/alternea.eu\/en\/#\/schema\/logo\/image\/\"}},{\"@type\":\"Person\",\"@id\":\"https:\/\/alternea.eu\/en\/#\/schema\/person\/815325b6e94ae263a0d75ad96de759a1\",\"name\":\"cl-alter-n\",\"image\":{\"@type\":\"ImageObject\",\"inLanguage\":\"en-US\",\"@id\":\"https:\/\/alternea.eu\/en\/#\/schema\/person\/image\/\",\"url\":\"https:\/\/secure.gravatar.com\/avatar\/3de67c572f136b7b3d4ac14d43266264?s=96&d=mm&r=g\",\"contentUrl\":\"https:\/\/secure.gravatar.com\/avatar\/3de67c572f136b7b3d4ac14d43266264?s=96&d=mm&r=g\",\"caption\":\"cl-alter-n\"},\"url\":\"https:\/\/alternea.eu\/en\/author\/cl-alter-n\/\"}]}<\/script>\n<!-- \/ Yoast SEO plugin. -->","yoast_head_json":{"title":"ALTERNEA continues its eco-responsible commitment - Alternea","description":"ALTERNEA continues its eco-responsible approach by installing photovoltaic panels on the roof of its platform.","robots":{"index":"index","follow":"follow","max-snippet":"max-snippet:-1","max-image-preview":"max-image-preview:large","max-video-preview":"max-video-preview:-1"},"canonical":"https:\/\/alternea.eu\/en\/alternea-continues-its-eco-responsible-commitment\/","og_locale":"en_US","og_type":"article","og_title":"ALTERNEA continues its eco-responsible commitment - Alternea","og_description":"ALTERNEA continues its eco-responsible approach by installing photovoltaic panels on the roof of its platform.","og_url":"https:\/\/alternea.eu\/en\/alternea-continues-its-eco-responsible-commitment\/","og_site_name":"Alternea","article_published_time":"2023-05-17T14:56:56+00:00","article_modified_time":"2025-11-17T14:34:32+00:00","og_image":[{"width":2560,"height":1707,"url":"https:\/\/alternea.eu\/wp-content\/uploads\/2023\/05\/Panneaux-photovoltaiques-2-alternea-mai-2023-scaled-e1684488672821.jpg","type":"image\/jpeg"}],"author":"cl-alter-n","twitter_card":"summary_large_image","twitter_misc":{"Written by":"cl-alter-n","Est. reading time":"1 minute"},"schema":{"@context":"https:\/\/schema.org","@graph":[{"@type":"Article","@id":"https:\/\/alternea.eu\/en\/alternea-continues-its-eco-responsible-commitment\/#article","isPartOf":{"@id":"https:\/\/alternea.eu\/en\/alternea-continues-its-eco-responsible-commitment\/"},"author":{"name":"cl-alter-n","@id":"https:\/\/alternea.eu\/en\/#\/schema\/person\/815325b6e94ae263a0d75ad96de759a1"},"headline":"ALTERNEA continues its eco-responsible commitment","datePublished":"2023-05-17T14:56:56+00:00","dateModified":"2025-11-17T14:34:32+00:00","mainEntityOfPage":{"@id":"https:\/\/alternea.eu\/en\/alternea-continues-its-eco-responsible-commitment\/"},"wordCount":177,"publisher":{"@id":"https:\/\/alternea.eu\/en\/#organization"},"image":{"@id":"https:\/\/alternea.eu\/en\/alternea-continues-its-eco-responsible-commitment\/#primaryimage"},"thumbnailUrl":"https:\/\/alternea.eu\/wp-content\/uploads\/2023\/05\/Panneaux-photovoltaiques-2-alternea-mai-2023-scaled-e1684488672821.jpg","inLanguage":"en-US"},{"@type":"WebPage","@id":"https:\/\/alternea.eu\/en\/alternea-continues-its-eco-responsible-commitment\/","url":"https:\/\/alternea.eu\/en\/alternea-continues-its-eco-responsible-commitment\/","name":"ALTERNEA continues its eco-responsible commitment - Alternea","isPartOf":{"@id":"https:\/\/alternea.eu\/en\/#website"},"primaryImageOfPage":{"@id":"https:\/\/alternea.eu\/en\/alternea-continues-its-eco-responsible-commitment\/#primaryimage"},"image":{"@id":"https:\/\/alternea.eu\/en\/alternea-continues-its-eco-responsible-commitment\/#primaryimage"},"thumbnailUrl":"https:\/\/alternea.eu\/wp-content\/uploads\/2023\/05\/Panneaux-photovoltaiques-2-alternea-mai-2023-scaled-e1684488672821.jpg","datePublished":"2023-05-17T14:56:56+00:00","dateModified":"2025-11-17T14:34:32+00:00","description":"ALTERNEA continues its eco-responsible approach by installing photovoltaic panels on the roof of its platform.","breadcrumb":{"@id":"https:\/\/alternea.eu\/en\/alternea-continues-its-eco-responsible-commitment\/#breadcrumb"},"inLanguage":"en-US","potentialAction":[{"@type":"ReadAction","target":["https:\/\/alternea.eu\/en\/alternea-continues-its-eco-responsible-commitment\/"]}]},{"@type":"ImageObject","inLanguage":"en-US","@id":"https:\/\/alternea.eu\/en\/alternea-continues-its-eco-responsible-commitment\/#primaryimage","url":"https:\/\/alternea.eu\/wp-content\/uploads\/2023\/05\/Panneaux-photovoltaiques-2-alternea-mai-2023-scaled-e1684488672821.jpg","contentUrl":"https:\/\/alternea.eu\/wp-content\/uploads\/2023\/05\/Panneaux-photovoltaiques-2-alternea-mai-2023-scaled-e1684488672821.jpg","width":2560,"height":1707,"caption":"La plateforme ALTERNEA \u00e9quip\u00e9e de 768 panneaux photovolta\u00efques"},{"@type":"BreadcrumbList","@id":"https:\/\/alternea.eu\/en\/alternea-continues-its-eco-responsible-commitment\/#breadcrumb","itemListElement":[{"@type":"ListItem","position":1,"name":"Accueil","item":"https:\/\/alternea.eu\/en\/"},{"@type":"ListItem","position":2,"name":"ALTERNEA continues its eco-responsible commitment"}]},{"@type":"WebSite","@id":"https:\/\/alternea.eu\/en\/#website","url":"https:\/\/alternea.eu\/en\/","name":"Alternea","description":"Vente fruits et l\u00e9gumes bas\u00e9 \u00e0 Perpignan","publisher":{"@id":"https:\/\/alternea.eu\/en\/#organization"},"potentialAction":[{"@type":"SearchAction","target":{"@type":"EntryPoint","urlTemplate":"https:\/\/alternea.eu\/en\/?s={search_term_string}"},"query-input":"required name=search_term_string"}],"inLanguage":"en-US"},{"@type":"Organization","@id":"https:\/\/alternea.eu\/en\/#organization","name":"Alternea","url":"https:\/\/alternea.eu\/en\/","logo":{"@type":"ImageObject","inLanguage":"en-US","@id":"https:\/\/alternea.eu\/en\/#\/schema\/logo\/image\/","url":"https:\/\/alternea.eu\/wp-content\/uploads\/2022\/09\/logo-menu-alternea.png","contentUrl":"https:\/\/alternea.eu\/wp-content\/uploads\/2022\/09\/logo-menu-alternea.png","width":283,"height":104,"caption":"Alternea"},"image":{"@id":"https:\/\/alternea.eu\/en\/#\/schema\/logo\/image\/"}},{"@type":"Person","@id":"https:\/\/alternea.eu\/en\/#\/schema\/person\/815325b6e94ae263a0d75ad96de759a1","name":"cl-alter-n","image":{"@type":"ImageObject","inLanguage":"en-US","@id":"https:\/\/alternea.eu\/en\/#\/schema\/person\/image\/","url":"https:\/\/secure.gravatar.com\/avatar\/3de67c572f136b7b3d4ac14d43266264?s=96&d=mm&r=g","contentUrl":"https:\/\/secure.gravatar.com\/avatar\/3de67c572f136b7b3d4ac14d43266264?s=96&d=mm&r=g","caption":"cl-alter-n"},"url":"https:\/\/alternea.eu\/en\/author\/cl-alter-n\/"}]}},"_links":{"self":[{"href":"https:\/\/alternea.eu\/en\/wp-json\/wp\/v2\/posts\/1579"}],"collection":[{"href":"https:\/\/alternea.eu\/en\/wp-json\/wp\/v2\/posts"}],"about":[{"href":"https:\/\/alternea.eu\/en\/wp-json\/wp\/v2\/types\/post"}],"author":[{"embeddable":true,"href":"https:\/\/alternea.eu\/en\/wp-json\/wp\/v2\/users\/3"}],"replies":[{"embeddable":true,"href":"https:\/\/alternea.eu\/en\/wp-json\/wp\/v2\/comments?post=1579"}],"version-history":[{"count":6,"href":"https:\/\/alternea.eu\/en\/wp-json\/wp\/v2\/posts\/1579\/revisions"}],"predecessor-version":[{"id":2318,"href":"https:\/\/alternea.eu\/en\/wp-json\/wp\/v2\/posts\/1579\/revisions\/2318"}],"wp:featuredmedia":[{"embeddable":true,"href":"https:\/\/alternea.eu\/en\/wp-json\/wp\/v2\/media\/1572"}],"wp:attachment":[{"href":"https:\/\/alternea.eu\/en\/wp-json\/wp\/v2\/media?parent=1579"}],"wp:term":[{"taxonomy":"category","embeddable":true,"href":"https:\/\/alternea.eu\/en\/wp-json\/wp\/v2\/categories?post=1579"},{"taxonomy":"post_tag","embeddable":true,"href":"https:\/\/alternea.eu\/en\/wp-json\/wp\/v2\/tags?post=1579"}],"curies":[{"name":"wp","href":"https:\/\/api.w.org\/{rel}","templated":true}]}}